{"id":9945,"date":"2024-05-27T10:26:21","date_gmt":"2024-05-27T08:26:21","guid":{"rendered":"https:\/\/www.schwabingerweihnachtsmarkt.de\/?p=9945"},"modified":"2025-06-10T09:27:09","modified_gmt":"2025-06-10T07:27:09","slug":"zeer-robert","status":"publish","type":"post","link":"https:\/\/www.schwabingerweihnachtsmarkt.de\/en\/zeer-robert\/","title":{"rendered":"Zeer, Robert"},"content":{"rendered":"<h4>Zeer, Robert<\/h4>\n<p>\u201eAls K\u00fcnstler setze ich mich mit der Wirkung und Symbolik der Natur auseinander. Ob ich Pflanzen in Wachs integriere, Baumst\u00e4mme in Skulpturen und Tische verwandle oder nat\u00fcrliche Kompositionen male und zeichne \u2013 mein k\u00fcnstlerischer Ansatz ist getragen von der Faszination f\u00fcr die Formen, Strukturen und Kr\u00e4fte der Natur.\u201c<\/p>\n<div id=\"teilnehmer-zusatzinfo\"><div class=\"teilnehmer-zusatzinfo-bude\"><b>Bude 504<\/b> (<a target=\"_blank\" href=\"\/der-markt\/budenplan\/\">Budenplan<\/a>)<\/div><div class=\"teilnehmer-zusatzinfo-dauer\">Teilnahme: 13.Dez bis 24.Dez<\/div><\/div>\nngg_shortcode_0_placeholder\n","protected":false},"excerpt":{"rendered":"<p>Zeer, Robert \u201eAls K\u00fcnstler setze ich mich mit der Wirkung und Symbolik der Natur auseinander. Ob ich Pflanzen in Wachs integriere, Baumst\u00e4mme in Skulpturen und Tische verwandle oder nat\u00fcrliche Kompositionen male und zeichne \u2013 mein k\u00fcnstlerischer Ansatz ist getragen von der Faszination f\u00fcr die Formen, Strukturen und Kr\u00e4fte der Natur.\u201c<\/p>\n","protected":false},"author":8,"featured_media":10027,"comment_status":"closed","ping_status":"closed","sticky":false,"template":"","format":"standard","meta":{"ngg_post_thumbnail":0,"footnotes":""},"categories":[11],"tags":[],"class_list":["post-9945","post","type-post","status-publish","format-standard","has-post-thumbnail","hentry","category-kuenstler"],"_links":{"self":[{"href":"https:\/\/www.schwabingerweihnachtsmarkt.de\/en\/wp-json\/wp\/v2\/posts\/9945","targetHints":{"allow":["GET"]}}],"collection":[{"href":"https:\/\/www.schwabingerweihnachtsmarkt.de\/en\/wp-json\/wp\/v2\/posts"}],"about":[{"href":"https:\/\/www.schwabingerweihnachtsmarkt.de\/en\/wp-json\/wp\/v2\/types\/post"}],"author":[{"embeddable":true,"href":"https:\/\/www.schwabingerweihnachtsmarkt.de\/en\/wp-json\/wp\/v2\/users\/8"}],"replies":[{"embeddable":true,"href":"https:\/\/www.schwabingerweihnachtsmarkt.de\/en\/wp-json\/wp\/v2\/comments?post=9945"}],"version-history":[{"count":5,"href":"https:\/\/www.schwabingerweihnachtsmarkt.de\/en\/wp-json\/wp\/v2\/posts\/9945\/revisions"}],"predecessor-version":[{"id":10986,"href":"https:\/\/www.schwabingerweihnachtsmarkt.de\/en\/wp-json\/wp\/v2\/posts\/9945\/revisions\/10986"}],"wp:featuredmedia":[{"embeddable":true,"href":"https:\/\/www.schwabingerweihnachtsmarkt.de\/en\/wp-json\/wp\/v2\/media\/10027"}],"wp:attachment":[{"href":"https:\/\/www.schwabingerweihnachtsmarkt.de\/en\/wp-json\/wp\/v2\/media?parent=9945"}],"wp:term":[{"taxonomy":"category","embeddable":true,"href":"https:\/\/www.schwabingerweihnachtsmarkt.de\/en\/wp-json\/wp\/v2\/categories?post=9945"},{"taxonomy":"post_tag","embeddable":true,"href":"https:\/\/www.schwabingerweihnachtsmarkt.de\/en\/wp-json\/wp\/v2\/tags?post=9945"}],"curies":[{"name":"wp","href":"https:\/\/api.w.org\/{rel}","templated":true}]}}