{"id":9932,"date":"2024-05-27T10:18:27","date_gmt":"2024-05-27T08:18:27","guid":{"rendered":"https:\/\/www.schwabingerweihnachtsmarkt.de\/?p=9932"},"modified":"2024-05-29T13:20:08","modified_gmt":"2024-05-29T11:20:08","slug":"meingast-gabriele","status":"publish","type":"post","link":"https:\/\/www.schwabingerweihnachtsmarkt.de\/en\/meingast-gabriele\/","title":{"rendered":"Meingast, Gabriele"},"content":{"rendered":"<h4>Meingast, Gabriele<\/h4>\n<p>-Silberlinsen am Lederband &#8211; mit Stein, verziert, vergoldet oder mit pers\u00f6nlichem Astrograph<\/p>\n<p>-Gestricktes aus feiner Wolle f\u00fcr Hals, Kopf und H\u00e4nde<\/p>\n<p>-PapierCollagen, bunt, grafisch, verpixelt<\/p>\n<p>&nbsp;<\/p>\n<div id=\"teilnehmer-zusatzinfo\"><div class=\"teilnehmer-zusatzinfo-bude\"><b>Bude 305<\/b> (<a target=\"_blank\" href=\"\/der-markt\/budenplan\/\">Budenplan<\/a>)<\/div><div class=\"teilnehmer-zusatzinfo-dauer\">Teilnahme: 13.Dez bis 24.Dez<\/div><\/div>\nngg_shortcode_0_placeholder\n","protected":false},"excerpt":{"rendered":"<p>Meingast, Gabriele -Silberlinsen am Lederband &#8211; mit Stein, verziert, vergoldet oder mit pers\u00f6nlichem Astrograph -Gestricktes aus feiner Wolle f\u00fcr Hals, Kopf und H\u00e4nde -PapierCollagen, bunt, grafisch, verpixelt &nbsp;<\/p>\n","protected":false},"author":8,"featured_media":10039,"comment_status":"closed","ping_status":"closed","sticky":false,"template":"","format":"standard","meta":{"ngg_post_thumbnail":0,"footnotes":""},"categories":[11],"tags":[],"class_list":["post-9932","post","type-post","status-publish","format-standard","has-post-thumbnail","hentry","category-kuenstler"],"_links":{"self":[{"href":"https:\/\/www.schwabingerweihnachtsmarkt.de\/en\/wp-json\/wp\/v2\/posts\/9932","targetHints":{"allow":["GET"]}}],"collection":[{"href":"https:\/\/www.schwabingerweihnachtsmarkt.de\/en\/wp-json\/wp\/v2\/posts"}],"about":[{"href":"https:\/\/www.schwabingerweihnachtsmarkt.de\/en\/wp-json\/wp\/v2\/types\/post"}],"author":[{"embeddable":true,"href":"https:\/\/www.schwabingerweihnachtsmarkt.de\/en\/wp-json\/wp\/v2\/users\/8"}],"replies":[{"embeddable":true,"href":"https:\/\/www.schwabingerweihnachtsmarkt.de\/en\/wp-json\/wp\/v2\/comments?post=9932"}],"version-history":[{"count":6,"href":"https:\/\/www.schwabingerweihnachtsmarkt.de\/en\/wp-json\/wp\/v2\/posts\/9932\/revisions"}],"predecessor-version":[{"id":10038,"href":"https:\/\/www.schwabingerweihnachtsmarkt.de\/en\/wp-json\/wp\/v2\/posts\/9932\/revisions\/10038"}],"wp:featuredmedia":[{"embeddable":true,"href":"https:\/\/www.schwabingerweihnachtsmarkt.de\/en\/wp-json\/wp\/v2\/media\/10039"}],"wp:attachment":[{"href":"https:\/\/www.schwabingerweihnachtsmarkt.de\/en\/wp-json\/wp\/v2\/media?parent=9932"}],"wp:term":[{"taxonomy":"category","embeddable":true,"href":"https:\/\/www.schwabingerweihnachtsmarkt.de\/en\/wp-json\/wp\/v2\/categories?post=9932"},{"taxonomy":"post_tag","embeddable":true,"href":"https:\/\/www.schwabingerweihnachtsmarkt.de\/en\/wp-json\/wp\/v2\/tags?post=9932"}],"curies":[{"name":"wp","href":"https:\/\/api.w.org\/{rel}","templated":true}]}}