{"id":9268,"date":"2023-08-01T07:56:41","date_gmt":"2023-08-01T05:56:41","guid":{"rendered":"https:\/\/www.schwabingerweihnachtsmarkt.de\/?p=9268"},"modified":"2023-08-08T08:21:58","modified_gmt":"2023-08-08T06:21:58","slug":"marijanovic-elfie","status":"publish","type":"post","link":"https:\/\/www.schwabingerweihnachtsmarkt.de\/en\/marijanovic-elfie\/","title":{"rendered":"Marijanovic, Elfie"},"content":{"rendered":"<h2>Marijanovic, Elfie<br \/>\nK\u00fcnstlername Elfie Bilger<\/h2>\n<h3>Spirit of Acryl<\/h3>\n<p>Die Malerei, zu der ich relativ sp\u00e4t fand, bietet mireine Oase, auf der ich ich sein darf, neue Energien tanke und der eigenen Kreativit\u00e4t keine Grenzen setze. Diese Kreativit\u00e4t mit verschiedenenMaltechniken stellen die Basis f\u00fcr meine pers\u00f6nliche \u201eMalerei\u201c dar.<\/p>\n<div id=\"teilnehmer-zusatzinfo\"><div class=\"teilnehmer-zusatzinfo-bude\"><b>Bude 406<\/b> (<a target=\"_blank\" href=\"\/der-markt\/budenplan\/\">Budenplan<\/a>)<\/div><div class=\"teilnehmer-zusatzinfo-dauer\">Teilnahme: 13.Dez bis 24.Dez<\/div><div class=\"teilnehmer-zusatzinfo-link\">Website: <a target=\"_blank\" href=\"http:\/\/bilger-art.de\">http:\/\/bilger-art.de<\/a><\/div><\/div>\nngg_shortcode_0_placeholder\n","protected":false},"excerpt":{"rendered":"<p>Marijanovic, Elfie K\u00fcnstlername Elfie Bilger Spirit of Acryl Die Malerei, zu der ich relativ sp\u00e4t fand, bietet mireine Oase, auf der ich ich sein darf, neue Energien tanke und der eigenen Kreativit\u00e4t keine Grenzen setze. Diese Kreativit\u00e4t mit verschiedenenMaltechniken stellen die Basis f\u00fcr meine pers\u00f6nliche \u201eMalerei\u201c dar. &nbsp;<\/p>\n","protected":false},"author":8,"featured_media":9441,"comment_status":"closed","ping_status":"closed","sticky":false,"template":"","format":"standard","meta":{"ngg_post_thumbnail":0,"footnotes":""},"categories":[11],"tags":[],"class_list":["post-9268","post","type-post","status-publish","format-standard","has-post-thumbnail","hentry","category-kuenstler"],"_links":{"self":[{"href":"https:\/\/www.schwabingerweihnachtsmarkt.de\/en\/wp-json\/wp\/v2\/posts\/9268","targetHints":{"allow":["GET"]}}],"collection":[{"href":"https:\/\/www.schwabingerweihnachtsmarkt.de\/en\/wp-json\/wp\/v2\/posts"}],"about":[{"href":"https:\/\/www.schwabingerweihnachtsmarkt.de\/en\/wp-json\/wp\/v2\/types\/post"}],"author":[{"embeddable":true,"href":"https:\/\/www.schwabingerweihnachtsmarkt.de\/en\/wp-json\/wp\/v2\/users\/8"}],"replies":[{"embeddable":true,"href":"https:\/\/www.schwabingerweihnachtsmarkt.de\/en\/wp-json\/wp\/v2\/comments?post=9268"}],"version-history":[{"count":11,"href":"https:\/\/www.schwabingerweihnachtsmarkt.de\/en\/wp-json\/wp\/v2\/posts\/9268\/revisions"}],"predecessor-version":[{"id":9457,"href":"https:\/\/www.schwabingerweihnachtsmarkt.de\/en\/wp-json\/wp\/v2\/posts\/9268\/revisions\/9457"}],"wp:featuredmedia":[{"embeddable":true,"href":"https:\/\/www.schwabingerweihnachtsmarkt.de\/en\/wp-json\/wp\/v2\/media\/9441"}],"wp:attachment":[{"href":"https:\/\/www.schwabingerweihnachtsmarkt.de\/en\/wp-json\/wp\/v2\/media?parent=9268"}],"wp:term":[{"taxonomy":"category","embeddable":true,"href":"https:\/\/www.schwabingerweihnachtsmarkt.de\/en\/wp-json\/wp\/v2\/categories?post=9268"},{"taxonomy":"post_tag","embeddable":true,"href":"https:\/\/www.schwabingerweihnachtsmarkt.de\/en\/wp-json\/wp\/v2\/tags?post=9268"}],"curies":[{"name":"wp","href":"https:\/\/api.w.org\/{rel}","templated":true}]}}