{"id":9172,"date":"2023-07-31T17:10:44","date_gmt":"2023-07-31T15:10:44","guid":{"rendered":"https:\/\/www.schwabingerweihnachtsmarkt.de\/?p=9172"},"modified":"2023-07-31T17:44:52","modified_gmt":"2023-07-31T15:44:52","slug":"bomann-daniela","status":"publish","type":"post","link":"https:\/\/www.schwabingerweihnachtsmarkt.de\/en\/bomann-daniela\/","title":{"rendered":"Bomann, Daniela"},"content":{"rendered":"<h2>Bomann, Daniela<\/h2>\n<p>Lichtbilderbuch \u2013 Fotografien<\/p>\n<p>Fotografieren ist f\u00fcr mich \u201eMALEN MIT FARBEN UND LICHT\u201c \u2013 Zeitnehmen, Innehalten \u2013 in der Gegenwart sein.<\/p>\n<p>Wenn ich flie\u00dfendes Wasser fotografiere, ist jedes Foto ein Unikat. Licht und Schatten ver\u00e4ndern in k\u00fcrzester Zeit ein Motiv. Es sind Momentaufnahmen.<\/p>\n<p>Meine Fotos gibt es nur in kleiner St\u00fcckzahl, maximal 10 Abz\u00fcge.<\/p>\n<p>Instagram: Daniela_170962<\/p>\n<p>&nbsp;<\/p>\n<div id=\"teilnehmer-zusatzinfo\"><div class=\"teilnehmer-zusatzinfo-bude\"><b>Bude 604<\/b> (<a target=\"_blank\" href=\"\/der-markt\/budenplan\/\">Budenplan<\/a>)<\/div><div class=\"teilnehmer-zusatzinfo-dauer\">Teilnahme: 13.Dez bis 24.Dez<\/div><div class=\"teilnehmer-zusatzinfo-link\">Website: <a target=\"_blank\" href=\"http:\/\/www.lichtbilderbuch.de\">http:\/\/www.lichtbilderbuch.de<\/a><\/div><\/div>\nngg_shortcode_0_placeholder\n","protected":false},"excerpt":{"rendered":"<p>Bomann, Daniela Lichtbilderbuch \u2013 Fotografien Fotografieren ist f\u00fcr mich \u201eMALEN MIT FARBEN UND LICHT\u201c \u2013 Zeitnehmen, Innehalten \u2013 in der Gegenwart sein. Wenn ich flie\u00dfendes Wasser fotografiere, ist jedes Foto ein Unikat. Licht und Schatten ver\u00e4ndern in k\u00fcrzester Zeit ein Motiv. Es sind Momentaufnahmen. Meine Fotos gibt es nur in kleiner St\u00fcckzahl, maximal 10 Abz\u00fcge. &hellip;<\/p>\n","protected":false},"author":8,"featured_media":9185,"comment_status":"closed","ping_status":"closed","sticky":false,"template":"","format":"standard","meta":{"ngg_post_thumbnail":0,"footnotes":""},"categories":[11],"tags":[],"class_list":["post-9172","post","type-post","status-publish","format-standard","has-post-thumbnail","hentry","category-kuenstler"],"_links":{"self":[{"href":"https:\/\/www.schwabingerweihnachtsmarkt.de\/en\/wp-json\/wp\/v2\/posts\/9172","targetHints":{"allow":["GET"]}}],"collection":[{"href":"https:\/\/www.schwabingerweihnachtsmarkt.de\/en\/wp-json\/wp\/v2\/posts"}],"about":[{"href":"https:\/\/www.schwabingerweihnachtsmarkt.de\/en\/wp-json\/wp\/v2\/types\/post"}],"author":[{"embeddable":true,"href":"https:\/\/www.schwabingerweihnachtsmarkt.de\/en\/wp-json\/wp\/v2\/users\/8"}],"replies":[{"embeddable":true,"href":"https:\/\/www.schwabingerweihnachtsmarkt.de\/en\/wp-json\/wp\/v2\/comments?post=9172"}],"version-history":[{"count":6,"href":"https:\/\/www.schwabingerweihnachtsmarkt.de\/en\/wp-json\/wp\/v2\/posts\/9172\/revisions"}],"predecessor-version":[{"id":9197,"href":"https:\/\/www.schwabingerweihnachtsmarkt.de\/en\/wp-json\/wp\/v2\/posts\/9172\/revisions\/9197"}],"wp:featuredmedia":[{"embeddable":true,"href":"https:\/\/www.schwabingerweihnachtsmarkt.de\/en\/wp-json\/wp\/v2\/media\/9185"}],"wp:attachment":[{"href":"https:\/\/www.schwabingerweihnachtsmarkt.de\/en\/wp-json\/wp\/v2\/media?parent=9172"}],"wp:term":[{"taxonomy":"category","embeddable":true,"href":"https:\/\/www.schwabingerweihnachtsmarkt.de\/en\/wp-json\/wp\/v2\/categories?post=9172"},{"taxonomy":"post_tag","embeddable":true,"href":"https:\/\/www.schwabingerweihnachtsmarkt.de\/en\/wp-json\/wp\/v2\/tags?post=9172"}],"curies":[{"name":"wp","href":"https:\/\/api.w.org\/{rel}","templated":true}]}}