{"id":8377,"date":"2022-09-06T14:00:23","date_gmt":"2022-09-06T12:00:23","guid":{"rendered":"https:\/\/dev.schwabingerweihnachtsmarkt.de\/?p=8377"},"modified":"2023-08-24T23:08:57","modified_gmt":"2023-08-24T21:08:57","slug":"baerbel-jahn-ulla-hartmann","status":"publish","type":"post","link":"https:\/\/www.schwabingerweihnachtsmarkt.de\/en\/baerbel-jahn-ulla-hartmann\/","title":{"rendered":"B\u00e4rbel Jahn \/ Ulla Hartmann"},"content":{"rendered":"<h2>B\u00e4rbel Jahn \/ Ulla Hartmann<\/h2>\n<p>Seit 1994 produzieren wir, B\u00e4rbel Jahn und Ulla Hartmann, in einem kleinen Atelier in Berlin\/ Tiergarten Theaterkost\u00fcme. Immer wieder waren auch H\u00fcte zur Komplettierung einiger Kost\u00fcme anzufertigen. So entstand die Idee Hutmodelle zu entwickeln, die im normalen Alltag tragbar sind, in einer Tasche zusammengeknautscht mitgenommen werden k\u00f6nnen und bei Bedarf die Hauptsache erf\u00fcllen &#8212; den Wind von den Ohren abzuhalten. Unsere Erfahrung bei der Kost\u00fcmgestaltung erm\u00f6glicht es uns, schnell und zielsicher Modelle zu kreieren, die der Tr\u00e4gerin oder dem Tr\u00e4ger gut stehen. Grundprinzip ist ein einfacher Hut aus Walkloden, der durch kleine Accessoires individuell angepasst werden kann.<\/p>\n<div id=\"teilnehmer-zusatzinfo\"><div class=\"teilnehmer-zusatzinfo-bude\"><b>Bude 303<\/b> (<a target=\"_blank\" href=\"\/der-markt\/budenplan\/\">Budenplan<\/a>)<\/div><div class=\"teilnehmer-zusatzinfo-dauer\">Teilnahme: 13.Dez bis 24.Dez<\/div><div class=\"teilnehmer-zusatzinfo-link\">Website: <a target=\"_blank\" href=\"http:\/\/www.2-quadrat.de\">http:\/\/www.2-quadrat.de<\/a><\/div><\/div>\nngg_shortcode_0_placeholder\n","protected":false},"excerpt":{"rendered":"<p>B\u00e4rbel Jahn \/ Ulla Hartmann Seit 1994 produzieren wir, B\u00e4rbel Jahn und Ulla Hartmann, in einem kleinen Atelier in Berlin\/ Tiergarten Theaterkost\u00fcme. Immer wieder waren auch H\u00fcte zur Komplettierung einiger Kost\u00fcme anzufertigen. So entstand die Idee Hutmodelle zu entwickeln, die im normalen Alltag tragbar sind, in einer Tasche zusammengeknautscht mitgenommen werden k\u00f6nnen und bei Bedarf &hellip;<\/p>\n","protected":false},"author":8,"featured_media":8378,"comment_status":"closed","ping_status":"closed","sticky":false,"template":"","format":"standard","meta":{"ngg_post_thumbnail":0,"footnotes":""},"categories":[11],"tags":[],"class_list":["post-8377","post","type-post","status-publish","format-standard","has-post-thumbnail","hentry","category-kuenstler"],"_links":{"self":[{"href":"https:\/\/www.schwabingerweihnachtsmarkt.de\/en\/wp-json\/wp\/v2\/posts\/8377","targetHints":{"allow":["GET"]}}],"collection":[{"href":"https:\/\/www.schwabingerweihnachtsmarkt.de\/en\/wp-json\/wp\/v2\/posts"}],"about":[{"href":"https:\/\/www.schwabingerweihnachtsmarkt.de\/en\/wp-json\/wp\/v2\/types\/post"}],"author":[{"embeddable":true,"href":"https:\/\/www.schwabingerweihnachtsmarkt.de\/en\/wp-json\/wp\/v2\/users\/8"}],"replies":[{"embeddable":true,"href":"https:\/\/www.schwabingerweihnachtsmarkt.de\/en\/wp-json\/wp\/v2\/comments?post=8377"}],"version-history":[{"count":5,"href":"https:\/\/www.schwabingerweihnachtsmarkt.de\/en\/wp-json\/wp\/v2\/posts\/8377\/revisions"}],"predecessor-version":[{"id":9558,"href":"https:\/\/www.schwabingerweihnachtsmarkt.de\/en\/wp-json\/wp\/v2\/posts\/8377\/revisions\/9558"}],"wp:featuredmedia":[{"embeddable":true,"href":"https:\/\/www.schwabingerweihnachtsmarkt.de\/en\/wp-json\/wp\/v2\/media\/8378"}],"wp:attachment":[{"href":"https:\/\/www.schwabingerweihnachtsmarkt.de\/en\/wp-json\/wp\/v2\/media?parent=8377"}],"wp:term":[{"taxonomy":"category","embeddable":true,"href":"https:\/\/www.schwabingerweihnachtsmarkt.de\/en\/wp-json\/wp\/v2\/categories?post=8377"},{"taxonomy":"post_tag","embeddable":true,"href":"https:\/\/www.schwabingerweihnachtsmarkt.de\/en\/wp-json\/wp\/v2\/tags?post=8377"}],"curies":[{"name":"wp","href":"https:\/\/api.w.org\/{rel}","templated":true}]}}