{"id":4548,"date":"2018-09-07T13:33:45","date_gmt":"2018-09-07T11:33:45","guid":{"rendered":"https:\/\/www.schwabingerweihnachtsmarkt.de\/?p=4548"},"modified":"2022-09-01T15:09:52","modified_gmt":"2022-09-01T13:09:52","slug":"leiteritz-herzig-die-muehlenmanufaktur","status":"publish","type":"post","link":"https:\/\/www.schwabingerweihnachtsmarkt.de\/en\/leiteritz-herzig-die-muehlenmanufaktur\/","title":{"rendered":"Leiteritz, Herzig, Die M\u00fchlenManufaktur"},"content":{"rendered":"<h2>Woodandform &#8211; Die M\u00fchlenManufaktur\u00ae<\/h2>\n<h2>D\u00f6rte Leiteritz &amp; Ralf K. Herzig<\/h2>\n<h3>Pfeffer u. Salzm\u00fchlen<\/h3>\n<div class=\"moz-cite-prefix\">\n<p>Exklusive Pfefferm\u00fchlen aus edlem Holz \u2013 Design Unikate in Handarbeit<\/p>\n<p>In sorgf\u00e4ltiger Handarbeit fertigen wir Gew\u00fcrzm\u00fchlen, Salz- und Pfefferm\u00fchlen aus edlem Holz.<br \/>\nAus einzigartigen, seltenen H\u00f6lzern entstehen charaktervolle Unikate mit einem hochwertigen Keramikmahlwerk.<\/p>\n<p>Es ist faszinierend welche aussergew\u00f6hnliche Maserung und Struktur aus anf\u00e4nglich unscheinbaren Holz entstehen kann. Die quadratische, leicht abgerundete Grundform unserer Pfefferm\u00fchlen aus edlem Holz bringt die Zeichnung des Holzes besonders gut zur Geltung und gew\u00e4hrleistet eine gute Handhabung. Das mehrfache Einlassen mit Hart\u00f6l bietet soliden Schutz und gibt der Holzstruktur Tiefe und Plastizit\u00e4t. Durch die aufw\u00e4ndige Oberfl\u00e4chenbehandlung haben unsere M\u00fchlen eine angenehme samtige Haptik.<\/p>\n<\/div>\n<div id=\"teilnehmer-zusatzinfo\"><div class=\"teilnehmer-zusatzinfo-bude\"><b>Bude 302<\/b> (<a target=\"_blank\" href=\"\/der-markt\/budenplan\/\">Budenplan<\/a>)<\/div><div class=\"teilnehmer-zusatzinfo-dauer\">Teilnahme: 13.Dez bis 24.Dez<\/div><div class=\"teilnehmer-zusatzinfo-link\">Website: <a target=\"_blank\" href=\"http:\/\/www.woodandform.de\">http:\/\/www.woodandform.de<\/a><\/div><div class=\"teilnehmer-zusatzinfo-link\">Online-Shop:<a target=\"_blank\" href=\"https:\/\/www.die-pfefferm\u00fchlen.de\/shop\/\">https:\/\/www.die-pfefferm\u00fchlen.de\/shop\/<\/a><\/div><\/div>\n<p>&nbsp;<\/p>\nngg_shortcode_0_placeholder\n","protected":false},"excerpt":{"rendered":"<p>Woodandform &#8211; Die M\u00fchlenManufaktur\u00ae D\u00f6rte Leiteritz &amp; Ralf K. Herzig Pfeffer u. Salzm\u00fchlen Exklusive Pfefferm\u00fchlen aus edlem Holz \u2013 Design Unikate in Handarbeit In sorgf\u00e4ltiger Handarbeit fertigen wir Gew\u00fcrzm\u00fchlen, Salz- und Pfefferm\u00fchlen aus edlem Holz. Aus einzigartigen, seltenen H\u00f6lzern entstehen charaktervolle Unikate mit einem hochwertigen Keramikmahlwerk. Es ist faszinierend welche aussergew\u00f6hnliche Maserung und Struktur aus &hellip;<\/p>\n","protected":false},"author":2,"featured_media":8233,"comment_status":"closed","ping_status":"closed","sticky":false,"template":"","format":"standard","meta":{"ngg_post_thumbnail":0,"footnotes":""},"categories":[11],"tags":[],"class_list":["post-4548","post","type-post","status-publish","format-standard","has-post-thumbnail","hentry","category-kuenstler"],"_links":{"self":[{"href":"https:\/\/www.schwabingerweihnachtsmarkt.de\/en\/wp-json\/wp\/v2\/posts\/4548","targetHints":{"allow":["GET"]}}],"collection":[{"href":"https:\/\/www.schwabingerweihnachtsmarkt.de\/en\/wp-json\/wp\/v2\/posts"}],"about":[{"href":"https:\/\/www.schwabingerweihnachtsmarkt.de\/en\/wp-json\/wp\/v2\/types\/post"}],"author":[{"embeddable":true,"href":"https:\/\/www.schwabingerweihnachtsmarkt.de\/en\/wp-json\/wp\/v2\/users\/2"}],"replies":[{"embeddable":true,"href":"https:\/\/www.schwabingerweihnachtsmarkt.de\/en\/wp-json\/wp\/v2\/comments?post=4548"}],"version-history":[{"count":12,"href":"https:\/\/www.schwabingerweihnachtsmarkt.de\/en\/wp-json\/wp\/v2\/posts\/4548\/revisions"}],"predecessor-version":[{"id":8254,"href":"https:\/\/www.schwabingerweihnachtsmarkt.de\/en\/wp-json\/wp\/v2\/posts\/4548\/revisions\/8254"}],"wp:featuredmedia":[{"embeddable":true,"href":"https:\/\/www.schwabingerweihnachtsmarkt.de\/en\/wp-json\/wp\/v2\/media\/8233"}],"wp:attachment":[{"href":"https:\/\/www.schwabingerweihnachtsmarkt.de\/en\/wp-json\/wp\/v2\/media?parent=4548"}],"wp:term":[{"taxonomy":"category","embeddable":true,"href":"https:\/\/www.schwabingerweihnachtsmarkt.de\/en\/wp-json\/wp\/v2\/categories?post=4548"},{"taxonomy":"post_tag","embeddable":true,"href":"https:\/\/www.schwabingerweihnachtsmarkt.de\/en\/wp-json\/wp\/v2\/tags?post=4548"}],"curies":[{"name":"wp","href":"https:\/\/api.w.org\/{rel}","templated":true}]}}