{"id":4543,"date":"2018-09-07T13:27:13","date_gmt":"2018-09-07T11:27:13","guid":{"rendered":"https:\/\/www.schwabingerweihnachtsmarkt.de\/?p=4543"},"modified":"2023-06-02T09:22:44","modified_gmt":"2023-06-02T07:22:44","slug":"graf-pascal","status":"publish","type":"post","link":"https:\/\/www.schwabingerweihnachtsmarkt.de\/en\/graf-pascal\/","title":{"rendered":"Graf, Pascal"},"content":{"rendered":"<h2>Pascal Graf<\/h2>\n<p>Aus hochwertigem vegetabil gegerbtem Rindsleder, Leinenzwirn und Bienenwachs, entstehen mit Liebe zum Detail, formsch\u00f6ne und klare Lederaccessoires. Von Hand gen\u00e4ht und langlebig. F\u00fcr die Entwicklung und Herstellung der Produkte arbeite ich in einer Kombination aus hochmoderner Lasertechnologie sowie urspr\u00fcnglichem Handwerk. Das Konzept &#8220;one Piece ORIGAMIFALTUNG&#8221; auf dem alle Produkte basieren, wurde bereits in die Selection des Green Product Award aufgenommen.<\/p>\n<div id=\"teilnehmer-zusatzinfo\"><div class=\"teilnehmer-zusatzinfo-bude\"><b>Bude 201<\/b> (<a target=\"_blank\" href=\"\/der-markt\/budenplan\/\">Budenplan<\/a>)<\/div><div class=\"teilnehmer-zusatzinfo-dauer\">Teilnahme: 13.Dez bis 24.Dez<\/div><div class=\"teilnehmer-zusatzinfo-link\">Website: <a target=\"_blank\" href=\"http:\/\/www.dukta.de\">http:\/\/www.dukta.de<\/a><\/div><div class=\"teilnehmer-zusatzinfo-link\">Online-Shop:<a target=\"_blank\" href=\"https:\/\/www.dukta.de\/\">https:\/\/www.dukta.de\/<\/a><\/div><\/div>\nngg_shortcode_0_placeholder\n","protected":false},"excerpt":{"rendered":"<p>Pascal Graf Aus hochwertigem vegetabil gegerbtem Rindsleder, Leinenzwirn und Bienenwachs, entstehen mit Liebe zum Detail, formsch\u00f6ne und klare Lederaccessoires. Von Hand gen\u00e4ht und langlebig. F\u00fcr die Entwicklung und Herstellung der Produkte arbeite ich in einer Kombination aus hochmoderner Lasertechnologie sowie urspr\u00fcnglichem Handwerk. Das Konzept &#8220;one Piece ORIGAMIFALTUNG&#8221; auf dem alle Produkte basieren, wurde bereits in &hellip;<\/p>\n","protected":false},"author":2,"featured_media":9156,"comment_status":"closed","ping_status":"closed","sticky":false,"template":"","format":"standard","meta":{"ngg_post_thumbnail":0,"footnotes":""},"categories":[11],"tags":[],"class_list":["post-4543","post","type-post","status-publish","format-standard","has-post-thumbnail","hentry","category-kuenstler"],"_links":{"self":[{"href":"https:\/\/www.schwabingerweihnachtsmarkt.de\/en\/wp-json\/wp\/v2\/posts\/4543","targetHints":{"allow":["GET"]}}],"collection":[{"href":"https:\/\/www.schwabingerweihnachtsmarkt.de\/en\/wp-json\/wp\/v2\/posts"}],"about":[{"href":"https:\/\/www.schwabingerweihnachtsmarkt.de\/en\/wp-json\/wp\/v2\/types\/post"}],"author":[{"embeddable":true,"href":"https:\/\/www.schwabingerweihnachtsmarkt.de\/en\/wp-json\/wp\/v2\/users\/2"}],"replies":[{"embeddable":true,"href":"https:\/\/www.schwabingerweihnachtsmarkt.de\/en\/wp-json\/wp\/v2\/comments?post=4543"}],"version-history":[{"count":6,"href":"https:\/\/www.schwabingerweihnachtsmarkt.de\/en\/wp-json\/wp\/v2\/posts\/4543\/revisions"}],"predecessor-version":[{"id":4802,"href":"https:\/\/www.schwabingerweihnachtsmarkt.de\/en\/wp-json\/wp\/v2\/posts\/4543\/revisions\/4802"}],"wp:featuredmedia":[{"embeddable":true,"href":"https:\/\/www.schwabingerweihnachtsmarkt.de\/en\/wp-json\/wp\/v2\/media\/9156"}],"wp:attachment":[{"href":"https:\/\/www.schwabingerweihnachtsmarkt.de\/en\/wp-json\/wp\/v2\/media?parent=4543"}],"wp:term":[{"taxonomy":"category","embeddable":true,"href":"https:\/\/www.schwabingerweihnachtsmarkt.de\/en\/wp-json\/wp\/v2\/categories?post=4543"},{"taxonomy":"post_tag","embeddable":true,"href":"https:\/\/www.schwabingerweihnachtsmarkt.de\/en\/wp-json\/wp\/v2\/tags?post=4543"}],"curies":[{"name":"wp","href":"https:\/\/api.w.org\/{rel}","templated":true}]}}