{"id":1793,"date":"2016-09-27T16:55:17","date_gmt":"2016-09-27T14:55:17","guid":{"rendered":"http:\/\/www.schwabingerweihnachtsmarkt.de\/?p=1793"},"modified":"2022-09-06T13:31:24","modified_gmt":"2022-09-06T11:31:24","slug":"doerfler-martin","status":"publish","type":"post","link":"https:\/\/www.schwabingerweihnachtsmarkt.de\/en\/doerfler-martin\/","title":{"rendered":"D\u00f6rfler, Martin"},"content":{"rendered":"<h2>Martin D\u00f6rfler<\/h2>\n<p>Martin D\u00f6rfler ist gelernter Steinmetz und Steinbildhauer. In seiner Werkstatt im Bayerischen Wald arbeitet er seit \u00fcber 20 Jahren auf traditionell handwerkliche Weise mit verschiedenen Graniten, Sand- und Kalksteinen. Auf dem Schwabinger Weihnachtsmarkt ist er seit 2002 mit seinen Skulpturen vertreten.<\/p>\n<div id=\"teilnehmer-zusatzinfo\"><div class=\"teilnehmer-zusatzinfo-bude\"><b>Bude 406<\/b> (<a target=\"_blank\" href=\"\/der-markt\/budenplan\/\">Budenplan<\/a>)<\/div><div class=\"teilnehmer-zusatzinfo-dauer\">Teilnahme: 13.Dez bis 24.Dez<\/div><div class=\"teilnehmer-zusatzinfo-link\">Website: <a target=\"_blank\" href=\"http:\/\/www.martin-doerfler.de\">http:\/\/www.martin-doerfler.de<\/a><\/div><div class=\"teilnehmer-zusatzinfo-link\">Online-Shop:<a target=\"_blank\" href=\"https:\/\/www.etsy.com\/shop\/SteineMartinDoerfler\">https:\/\/www.etsy.com\/shop\/SteineMartinDoerfler<\/a><\/div><\/div>\n<p><div class=\"ngg-pro-mosaic-container\"\n\tdata-ngg-pro-mosaic-id=\"9f59d3bd2ca8517818ed989325206c4d\"\n\tdata-nextgen-gallery-id=\"98\"\n\tdata-gallery-id=\"98\"\n\t\tdata-gallery-name=\"K\u00fcnstler - D\u00f6rfler, Martin\"\n\t><\/div>\n<\/p>\n","protected":false},"excerpt":{"rendered":"<p>Martin D\u00f6rfler Martin D\u00f6rfler ist gelernter Steinmetz und Steinbildhauer. In seiner Werkstatt im Bayerischen Wald arbeitet er seit \u00fcber 20 Jahren auf traditionell handwerkliche Weise mit verschiedenen Graniten, Sand- und Kalksteinen. Auf dem Schwabinger Weihnachtsmarkt ist er seit 2002 mit seinen Skulpturen vertreten.<\/p>\n","protected":false},"author":1,"featured_media":8130,"comment_status":"closed","ping_status":"closed","sticky":false,"template":"","format":"standard","meta":{"ngg_post_thumbnail":0,"footnotes":""},"categories":[11],"tags":[],"class_list":["post-1793","post","type-post","status-publish","format-standard","has-post-thumbnail","hentry","category-kuenstler"],"_links":{"self":[{"href":"https:\/\/www.schwabingerweihnachtsmarkt.de\/en\/wp-json\/wp\/v2\/posts\/1793","targetHints":{"allow":["GET"]}}],"collection":[{"href":"https:\/\/www.schwabingerweihnachtsmarkt.de\/en\/wp-json\/wp\/v2\/posts"}],"about":[{"href":"https:\/\/www.schwabingerweihnachtsmarkt.de\/en\/wp-json\/wp\/v2\/types\/post"}],"author":[{"embeddable":true,"href":"https:\/\/www.schwabingerweihnachtsmarkt.de\/en\/wp-json\/wp\/v2\/users\/1"}],"replies":[{"embeddable":true,"href":"https:\/\/www.schwabingerweihnachtsmarkt.de\/en\/wp-json\/wp\/v2\/comments?post=1793"}],"version-history":[{"count":6,"href":"https:\/\/www.schwabingerweihnachtsmarkt.de\/en\/wp-json\/wp\/v2\/posts\/1793\/revisions"}],"predecessor-version":[{"id":8136,"href":"https:\/\/www.schwabingerweihnachtsmarkt.de\/en\/wp-json\/wp\/v2\/posts\/1793\/revisions\/8136"}],"wp:featuredmedia":[{"embeddable":true,"href":"https:\/\/www.schwabingerweihnachtsmarkt.de\/en\/wp-json\/wp\/v2\/media\/8130"}],"wp:attachment":[{"href":"https:\/\/www.schwabingerweihnachtsmarkt.de\/en\/wp-json\/wp\/v2\/media?parent=1793"}],"wp:term":[{"taxonomy":"category","embeddable":true,"href":"https:\/\/www.schwabingerweihnachtsmarkt.de\/en\/wp-json\/wp\/v2\/categories?post=1793"},{"taxonomy":"post_tag","embeddable":true,"href":"https:\/\/www.schwabingerweihnachtsmarkt.de\/en\/wp-json\/wp\/v2\/tags?post=1793"}],"curies":[{"name":"wp","href":"https:\/\/api.w.org\/{rel}","templated":true}]}}