{"id":1558,"date":"2016-09-08T18:07:15","date_gmt":"2016-09-08T16:07:15","guid":{"rendered":"http:\/\/www.schwabingerweihnachtsmarkt.de\/?p=1558"},"modified":"2023-08-22T15:04:25","modified_gmt":"2023-08-22T13:04:25","slug":"krafft-elena","status":"publish","type":"post","link":"https:\/\/www.schwabingerweihnachtsmarkt.de\/en\/krafft-elena\/","title":{"rendered":"Krafft, Elena"},"content":{"rendered":"<h2>Elena Krafft<\/h2>\n<p>In meiner kleinen Werkstatt entstehen Geschirrserien und Einzelst\u00fccke, funktional und alltagstauglich.<br \/>\nFeines Porzellan und Steinzeug, handgemacht mit Sorgfalt und Leidenschaft.&nbsp; S\u00e4mtliches Geschirr ist sp\u00fclmaschinenfest und nat\u00fcrlich f\u00fcr Lebensmittel geeignet.<br \/>\nAuf Bestellung auch gerne nach Ihren W\u00fcnschen!<\/p>\n<div id=\"teilnehmer-zusatzinfo\"><div class=\"teilnehmer-zusatzinfo-bude\"><b>Bude 303<\/b> (<a target=\"_blank\" href=\"\/der-markt\/budenplan\/\">Budenplan<\/a>)<\/div><div class=\"teilnehmer-zusatzinfo-dauer\">Teilnahme: 13.Dez bis 24.Dez<\/div><div class=\"teilnehmer-zusatzinfo-link\">Website: <a target=\"_blank\" href=\"http:\/\/www.elena-krafft.de\">http:\/\/www.elena-krafft.de<\/a><\/div><div class=\"teilnehmer-zusatzinfo-link\">Online-Shop:<a target=\"_blank\" href=\"https:\/\/www.elena-krafft.de\/shop\/\">https:\/\/www.elena-krafft.de\/shop\/<\/a><\/div><\/div>\n<p><div class=\"ngg-pro-mosaic-container\"\n\tdata-ngg-pro-mosaic-id=\"8c65ad5866dcbaadd87604001a94d535\"\n\tdata-nextgen-gallery-id=\"17\"\n\tdata-gallery-id=\"17\"\n\t\tdata-gallery-name=\"K\u00fcnstler - Kraft, Elena\"\n\t><\/div>\n<\/p>\n","protected":false},"excerpt":{"rendered":"<p>Elena Krafft In meiner kleinen Werkstatt entstehen Geschirrserien und Einzelst\u00fccke, funktional und alltagstauglich. Feines Porzellan und Steinzeug, handgemacht mit Sorgfalt und Leidenschaft.&nbsp; S\u00e4mtliches Geschirr ist sp\u00fclmaschinenfest und nat\u00fcrlich f\u00fcr Lebensmittel geeignet. Auf Bestellung auch gerne nach Ihren W\u00fcnschen!<\/p>\n","protected":false},"author":1,"featured_media":9076,"comment_status":"closed","ping_status":"closed","sticky":false,"template":"","format":"standard","meta":{"ngg_post_thumbnail":0,"footnotes":""},"categories":[11],"tags":[],"class_list":["post-1558","post","type-post","status-publish","format-standard","has-post-thumbnail","hentry","category-kuenstler"],"_links":{"self":[{"href":"https:\/\/www.schwabingerweihnachtsmarkt.de\/en\/wp-json\/wp\/v2\/posts\/1558","targetHints":{"allow":["GET"]}}],"collection":[{"href":"https:\/\/www.schwabingerweihnachtsmarkt.de\/en\/wp-json\/wp\/v2\/posts"}],"about":[{"href":"https:\/\/www.schwabingerweihnachtsmarkt.de\/en\/wp-json\/wp\/v2\/types\/post"}],"author":[{"embeddable":true,"href":"https:\/\/www.schwabingerweihnachtsmarkt.de\/en\/wp-json\/wp\/v2\/users\/1"}],"replies":[{"embeddable":true,"href":"https:\/\/www.schwabingerweihnachtsmarkt.de\/en\/wp-json\/wp\/v2\/comments?post=1558"}],"version-history":[{"count":3,"href":"https:\/\/www.schwabingerweihnachtsmarkt.de\/en\/wp-json\/wp\/v2\/posts\/1558\/revisions"}],"predecessor-version":[{"id":9072,"href":"https:\/\/www.schwabingerweihnachtsmarkt.de\/en\/wp-json\/wp\/v2\/posts\/1558\/revisions\/9072"}],"wp:featuredmedia":[{"embeddable":true,"href":"https:\/\/www.schwabingerweihnachtsmarkt.de\/en\/wp-json\/wp\/v2\/media\/9076"}],"wp:attachment":[{"href":"https:\/\/www.schwabingerweihnachtsmarkt.de\/en\/wp-json\/wp\/v2\/media?parent=1558"}],"wp:term":[{"taxonomy":"category","embeddable":true,"href":"https:\/\/www.schwabingerweihnachtsmarkt.de\/en\/wp-json\/wp\/v2\/categories?post=1558"},{"taxonomy":"post_tag","embeddable":true,"href":"https:\/\/www.schwabingerweihnachtsmarkt.de\/en\/wp-json\/wp\/v2\/tags?post=1558"}],"curies":[{"name":"wp","href":"https:\/\/api.w.org\/{rel}","templated":true}]}}