{"id":1550,"date":"2016-09-08T18:04:42","date_gmt":"2016-09-08T16:04:42","guid":{"rendered":"http:\/\/www.schwabingerweihnachtsmarkt.de\/?p=1550"},"modified":"2024-05-29T13:42:58","modified_gmt":"2024-05-29T11:42:58","slug":"koerner-jutta","status":"publish","type":"post","link":"https:\/\/www.schwabingerweihnachtsmarkt.de\/en\/koerner-jutta\/","title":{"rendered":"K\u00f6rner, Jutta"},"content":{"rendered":"<h2>Jutta K\u00f6rner<\/h2>\n<h3>Skulpturen und Objekte in Keramik.<\/h3>\n<p>Ton ist ihr Material. In ihren Arbeiten steht ganz klar die Form im Vordergrund. Um die Kraft des Tones umzusetzen, sucht die K\u00fcnstlerin nach ebenso kraftvollen Szenen und st\u00f6\u00dft dabei immer wieder auf zwei Themen: den Stier und den Tango, beides Ausdruck von kraftvoller und beherrschter Bewegung.<\/p>\n<p>In ihren Objekten bringt sie die Form und die Farbe in Einklang. Vom Gebrauch enthoben stehen klare Formen mit eindeutiger Farbigkeit.<\/p>\n<p>&nbsp;<\/p>\n<div id=\"teilnehmer-zusatzinfo\"><div class=\"teilnehmer-zusatzinfo-bude\"><b>Bude 405<\/b> (<a target=\"_blank\" href=\"\/der-markt\/budenplan\/\">Budenplan<\/a>)<\/div><div class=\"teilnehmer-zusatzinfo-dauer\">Teilnahme: 13.Dez bis 24.Dez<\/div><div class=\"teilnehmer-zusatzinfo-link\">Website: <a target=\"_blank\" href=\"http:\/\/www.juttakoerner.de\">http:\/\/www.juttakoerner.de<\/a><\/div><\/div>\nngg_shortcode_0_placeholder\n","protected":false},"excerpt":{"rendered":"<p>Jutta K\u00f6rner Skulpturen und Objekte in Keramik. Ton ist ihr Material. In ihren Arbeiten steht ganz klar die Form im Vordergrund. Um die Kraft des Tones umzusetzen, sucht die K\u00fcnstlerin nach ebenso kraftvollen Szenen und st\u00f6\u00dft dabei immer wieder auf zwei Themen: den Stier und den Tango, beides Ausdruck von kraftvoller und beherrschter Bewegung. In &hellip;<\/p>\n","protected":false},"author":1,"featured_media":8165,"comment_status":"closed","ping_status":"closed","sticky":false,"template":"","format":"standard","meta":{"ngg_post_thumbnail":0,"footnotes":""},"categories":[11],"tags":[],"class_list":["post-1550","post","type-post","status-publish","format-standard","has-post-thumbnail","hentry","category-kuenstler"],"_links":{"self":[{"href":"https:\/\/www.schwabingerweihnachtsmarkt.de\/en\/wp-json\/wp\/v2\/posts\/1550","targetHints":{"allow":["GET"]}}],"collection":[{"href":"https:\/\/www.schwabingerweihnachtsmarkt.de\/en\/wp-json\/wp\/v2\/posts"}],"about":[{"href":"https:\/\/www.schwabingerweihnachtsmarkt.de\/en\/wp-json\/wp\/v2\/types\/post"}],"author":[{"embeddable":true,"href":"https:\/\/www.schwabingerweihnachtsmarkt.de\/en\/wp-json\/wp\/v2\/users\/1"}],"replies":[{"embeddable":true,"href":"https:\/\/www.schwabingerweihnachtsmarkt.de\/en\/wp-json\/wp\/v2\/comments?post=1550"}],"version-history":[{"count":6,"href":"https:\/\/www.schwabingerweihnachtsmarkt.de\/en\/wp-json\/wp\/v2\/posts\/1550\/revisions"}],"predecessor-version":[{"id":10058,"href":"https:\/\/www.schwabingerweihnachtsmarkt.de\/en\/wp-json\/wp\/v2\/posts\/1550\/revisions\/10058"}],"wp:featuredmedia":[{"embeddable":true,"href":"https:\/\/www.schwabingerweihnachtsmarkt.de\/en\/wp-json\/wp\/v2\/media\/8165"}],"wp:attachment":[{"href":"https:\/\/www.schwabingerweihnachtsmarkt.de\/en\/wp-json\/wp\/v2\/media?parent=1550"}],"wp:term":[{"taxonomy":"category","embeddable":true,"href":"https:\/\/www.schwabingerweihnachtsmarkt.de\/en\/wp-json\/wp\/v2\/categories?post=1550"},{"taxonomy":"post_tag","embeddable":true,"href":"https:\/\/www.schwabingerweihnachtsmarkt.de\/en\/wp-json\/wp\/v2\/tags?post=1550"}],"curies":[{"name":"wp","href":"https:\/\/api.w.org\/{rel}","templated":true}]}}