{"id":1516,"date":"2016-09-08T17:48:51","date_gmt":"2016-09-08T15:48:51","guid":{"rendered":"http:\/\/www.schwabingerweihnachtsmarkt.de\/?p=1516"},"modified":"2024-06-07T16:34:12","modified_gmt":"2024-06-07T14:34:12","slug":"gali-alfredo","status":"publish","type":"post","link":"https:\/\/www.schwabingerweihnachtsmarkt.de\/en\/gali-alfredo\/","title":{"rendered":"Gali, Alfredo"},"content":{"rendered":"<h2>Alfredo Gali<\/h2>\n<h3>Silberschmuck mit Polymer-Keramiken<\/h3>\n<p>Mit Ultraviolett-Strahlen werden feinste Keramikpartikel mit fl\u00fcssigem Polymer verbunden und geh\u00e4rtet.<br \/>\nDiese Verarbeitung verleiht dem Schmuckst\u00fcck ihre besondere Tiefe in Farbe und Form.<\/p>\n<div id=\"teilnehmer-zusatzinfo\"><div class=\"teilnehmer-zusatzinfo-bude\"><b>Bude 503<\/b> (<a target=\"_blank\" href=\"\/der-markt\/budenplan\/\">Budenplan<\/a>)<\/div><div class=\"teilnehmer-zusatzinfo-dauer\">Teilnahme: 13.Dez bis 24.Dez<\/div><\/div>\n<p><div class=\"ngg-pro-mosaic-container\"\n\tdata-ngg-pro-mosaic-id=\"2d6cbb59fb117a9fc32f23ee45973c7d\"\n\tdata-nextgen-gallery-id=\"29\"\n\tdata-gallery-id=\"29\"\n\t\tdata-gallery-name=\"K\u00fcnstler - Gali, Alfredo\"\n\t><\/div>\n<\/p>\n","protected":false},"excerpt":{"rendered":"<p>Alfredo Gali Silberschmuck mit Polymer-Keramiken Mit Ultraviolett-Strahlen werden feinste Keramikpartikel mit fl\u00fcssigem Polymer verbunden und geh\u00e4rtet. Diese Verarbeitung verleiht dem Schmuckst\u00fcck ihre besondere Tiefe in Farbe und Form.<\/p>\n","protected":false},"author":1,"featured_media":10104,"comment_status":"closed","ping_status":"closed","sticky":false,"template":"","format":"standard","meta":{"ngg_post_thumbnail":0,"footnotes":""},"categories":[11],"tags":[],"class_list":["post-1516","post","type-post","status-publish","format-standard","has-post-thumbnail","hentry","category-kuenstler"],"_links":{"self":[{"href":"https:\/\/www.schwabingerweihnachtsmarkt.de\/en\/wp-json\/wp\/v2\/posts\/1516","targetHints":{"allow":["GET"]}}],"collection":[{"href":"https:\/\/www.schwabingerweihnachtsmarkt.de\/en\/wp-json\/wp\/v2\/posts"}],"about":[{"href":"https:\/\/www.schwabingerweihnachtsmarkt.de\/en\/wp-json\/wp\/v2\/types\/post"}],"author":[{"embeddable":true,"href":"https:\/\/www.schwabingerweihnachtsmarkt.de\/en\/wp-json\/wp\/v2\/users\/1"}],"replies":[{"embeddable":true,"href":"https:\/\/www.schwabingerweihnachtsmarkt.de\/en\/wp-json\/wp\/v2\/comments?post=1516"}],"version-history":[{"count":3,"href":"https:\/\/www.schwabingerweihnachtsmarkt.de\/en\/wp-json\/wp\/v2\/posts\/1516\/revisions"}],"predecessor-version":[{"id":8237,"href":"https:\/\/www.schwabingerweihnachtsmarkt.de\/en\/wp-json\/wp\/v2\/posts\/1516\/revisions\/8237"}],"wp:featuredmedia":[{"embeddable":true,"href":"https:\/\/www.schwabingerweihnachtsmarkt.de\/en\/wp-json\/wp\/v2\/media\/10104"}],"wp:attachment":[{"href":"https:\/\/www.schwabingerweihnachtsmarkt.de\/en\/wp-json\/wp\/v2\/media?parent=1516"}],"wp:term":[{"taxonomy":"category","embeddable":true,"href":"https:\/\/www.schwabingerweihnachtsmarkt.de\/en\/wp-json\/wp\/v2\/categories?post=1516"},{"taxonomy":"post_tag","embeddable":true,"href":"https:\/\/www.schwabingerweihnachtsmarkt.de\/en\/wp-json\/wp\/v2\/tags?post=1516"}],"curies":[{"name":"wp","href":"https:\/\/api.w.org\/{rel}","templated":true}]}}