{"id":11104,"date":"2025-07-01T15:38:08","date_gmt":"2025-07-01T13:38:08","guid":{"rendered":"https:\/\/www.schwabingerweihnachtsmarkt.de\/?p=11104"},"modified":"2025-07-01T15:42:23","modified_gmt":"2025-07-01T13:42:23","slug":"bauer-carolin","status":"publish","type":"post","link":"https:\/\/www.schwabingerweihnachtsmarkt.de\/en\/bauer-carolin\/","title":{"rendered":"Bauer, Carolin"},"content":{"rendered":"<h4 dir=\"auto\">Carolin Bauer<br \/>\n<strong>Teeschalen aus dem Holzbrand<\/strong><\/h4>\n<div dir=\"auto\">In meiner Werkstatt drehe ich mit Steinzeug und Porzellan und stelle haupts\u00e4chlich Tassen, Sch\u00fcsseln, Vasen und andere Gebrauchskeramiken her und gebe Kurse.<\/div>\n<div dir=\"auto\">&nbsp;<\/div>\n<div dir=\"auto\">Ich will, dass meine Keramik f\u00fcr den Alltag Platz hat, etwas erz\u00e4hlt, ein Gef\u00fchl vermittelt ohne laut zu sein.<\/div>\n<div dir=\"auto\">&nbsp;<\/div>\n<div dir=\"auto\"><div id=\"teilnehmer-zusatzinfo\"><div class=\"teilnehmer-zusatzinfo-bude\"><b>Bude 407<\/b> (<a target=\"_blank\" href=\"\/der-markt\/budenplan\/\">Budenplan<\/a>)<\/div><div class=\"teilnehmer-zusatzinfo-dauer\">Teilnahme: 13.Dez bis 24.Dez<\/div><div class=\"teilnehmer-zusatzinfo-link\">Website: <a target=\"_blank\" href=\"http:\/\/carolinceramics.de\">http:\/\/carolinceramics.de<\/a><\/div><\/div><\/div>\n<div dir=\"auto\">&nbsp;<\/div>\n<div dir=\"auto\">ngg_shortcode_0_placeholder<\/div>\n","protected":false},"excerpt":{"rendered":"<p>Carolin Bauer Teeschalen aus dem Holzbrand In meiner Werkstatt drehe ich mit Steinzeug und Porzellan und stelle haupts\u00e4chlich Tassen, Sch\u00fcsseln, Vasen und andere Gebrauchskeramiken her und gebe Kurse. &nbsp; Ich will, dass meine Keramik f\u00fcr den Alltag Platz hat, etwas erz\u00e4hlt, ein Gef\u00fchl vermittelt ohne laut zu sein. &nbsp; &nbsp;<\/p>\n","protected":false},"author":8,"featured_media":11114,"comment_status":"closed","ping_status":"closed","sticky":false,"template":"","format":"standard","meta":{"ngg_post_thumbnail":0,"footnotes":""},"categories":[11],"tags":[],"class_list":["post-11104","post","type-post","status-publish","format-standard","has-post-thumbnail","hentry","category-kuenstler"],"_links":{"self":[{"href":"https:\/\/www.schwabingerweihnachtsmarkt.de\/en\/wp-json\/wp\/v2\/posts\/11104","targetHints":{"allow":["GET"]}}],"collection":[{"href":"https:\/\/www.schwabingerweihnachtsmarkt.de\/en\/wp-json\/wp\/v2\/posts"}],"about":[{"href":"https:\/\/www.schwabingerweihnachtsmarkt.de\/en\/wp-json\/wp\/v2\/types\/post"}],"author":[{"embeddable":true,"href":"https:\/\/www.schwabingerweihnachtsmarkt.de\/en\/wp-json\/wp\/v2\/users\/8"}],"replies":[{"embeddable":true,"href":"https:\/\/www.schwabingerweihnachtsmarkt.de\/en\/wp-json\/wp\/v2\/comments?post=11104"}],"version-history":[{"count":4,"href":"https:\/\/www.schwabingerweihnachtsmarkt.de\/en\/wp-json\/wp\/v2\/posts\/11104\/revisions"}],"predecessor-version":[{"id":11119,"href":"https:\/\/www.schwabingerweihnachtsmarkt.de\/en\/wp-json\/wp\/v2\/posts\/11104\/revisions\/11119"}],"wp:featuredmedia":[{"embeddable":true,"href":"https:\/\/www.schwabingerweihnachtsmarkt.de\/en\/wp-json\/wp\/v2\/media\/11114"}],"wp:attachment":[{"href":"https:\/\/www.schwabingerweihnachtsmarkt.de\/en\/wp-json\/wp\/v2\/media?parent=11104"}],"wp:term":[{"taxonomy":"category","embeddable":true,"href":"https:\/\/www.schwabingerweihnachtsmarkt.de\/en\/wp-json\/wp\/v2\/categories?post=11104"},{"taxonomy":"post_tag","embeddable":true,"href":"https:\/\/www.schwabingerweihnachtsmarkt.de\/en\/wp-json\/wp\/v2\/tags?post=11104"}],"curies":[{"name":"wp","href":"https:\/\/api.w.org\/{rel}","templated":true}]}}