{"id":10193,"date":"2024-09-12T10:58:53","date_gmt":"2024-09-12T08:58:53","guid":{"rendered":"https:\/\/www.schwabingerweihnachtsmarkt.de\/?p=10193"},"modified":"2025-06-16T15:35:55","modified_gmt":"2025-06-16T13:35:55","slug":"leopold-karo","status":"publish","type":"post","link":"https:\/\/www.schwabingerweihnachtsmarkt.de\/en\/leopold-karo\/","title":{"rendered":"Leopold, Karo"},"content":{"rendered":"<h3>Leopold, Karo<br \/>\nIllustration \u201cMade in Schwabing\u201d<\/h3>\n<p>Servus, ich bin Karo. Ich bin Grafikdesignerin, Illustratorin und manchmal auch Fotografin mit einer Leidenschaft f\u00fcr Menschen, Reisen, alte Geb\u00e4ude und urban sketching &#8211; einfach f\u00fcr alles, was irgendwie mit Leben, Menschen, Kultur und Wohnen zu tun hat! Gezeichnet habe ich, seit ich denken kann.<br \/>\nNach vielen Berufsjahren in Agenturen in Spanien, England und Deutschland habe ich einen Master in Kinderbuchillustration in Cambridge abgeschlossen und die Leidenschaft f\u00fcrs Zeichnen zum Beruf gemacht. Heute bin ich in M\u00fcnchen als Illustratorin t\u00e4tig und verkaufe meine Originale und Drucke mit Schwabinger Motiven unter dem Label \u201cMade in Schwabing\u201d.<br \/>\nMeistens zeichne ich direkt mit schwarzer Tinte auf bl\u00fctenweisses Papier, der starke Kontrast und die spontane Linie faszinieren mich jedesmal aufs Neue! Manchmal bearbeite ich Komposition und Farben digital nach.<\/p>\n<p>&nbsp;<\/p>\n<div id=\"teilnehmer-zusatzinfo\"><div class=\"teilnehmer-zusatzinfo-bude\"><b>Bude 201<\/b> (<a target=\"_blank\" href=\"\/der-markt\/budenplan\/\">Budenplan<\/a>)<\/div><div class=\"teilnehmer-zusatzinfo-dauer\">Teilnahme: 13.Dez bis 24.Dez<\/div><div class=\"teilnehmer-zusatzinfo-link\">Website: <a target=\"_blank\" href=\"http:\/\/www.karolineleopold.com\">http:\/\/www.karolineleopold.com<\/a><\/div><\/div>\n<p>Instagram <a href=\"https:\/\/www.instagram.com\/karo.leopold\">@karo.leopold<\/a><\/p>\nngg_shortcode_0_placeholder\n","protected":false},"excerpt":{"rendered":"<p>Leopold, Karo Illustration \u201cMade in Schwabing\u201d Servus, ich bin Karo. Ich bin Grafikdesignerin, Illustratorin und manchmal auch Fotografin mit einer Leidenschaft f\u00fcr Menschen, Reisen, alte Geb\u00e4ude und urban sketching &#8211; einfach f\u00fcr alles, was irgendwie mit Leben, Menschen, Kultur und Wohnen zu tun hat! Gezeichnet habe ich, seit ich denken kann. Nach vielen Berufsjahren in &hellip;<\/p>\n","protected":false},"author":8,"featured_media":11024,"comment_status":"closed","ping_status":"closed","sticky":false,"template":"","format":"standard","meta":{"ngg_post_thumbnail":0,"footnotes":""},"categories":[11],"tags":[],"class_list":["post-10193","post","type-post","status-publish","format-standard","has-post-thumbnail","hentry","category-kuenstler"],"_links":{"self":[{"href":"https:\/\/www.schwabingerweihnachtsmarkt.de\/en\/wp-json\/wp\/v2\/posts\/10193","targetHints":{"allow":["GET"]}}],"collection":[{"href":"https:\/\/www.schwabingerweihnachtsmarkt.de\/en\/wp-json\/wp\/v2\/posts"}],"about":[{"href":"https:\/\/www.schwabingerweihnachtsmarkt.de\/en\/wp-json\/wp\/v2\/types\/post"}],"author":[{"embeddable":true,"href":"https:\/\/www.schwabingerweihnachtsmarkt.de\/en\/wp-json\/wp\/v2\/users\/8"}],"replies":[{"embeddable":true,"href":"https:\/\/www.schwabingerweihnachtsmarkt.de\/en\/wp-json\/wp\/v2\/comments?post=10193"}],"version-history":[{"count":11,"href":"https:\/\/www.schwabingerweihnachtsmarkt.de\/en\/wp-json\/wp\/v2\/posts\/10193\/revisions"}],"predecessor-version":[{"id":11011,"href":"https:\/\/www.schwabingerweihnachtsmarkt.de\/en\/wp-json\/wp\/v2\/posts\/10193\/revisions\/11011"}],"wp:featuredmedia":[{"embeddable":true,"href":"https:\/\/www.schwabingerweihnachtsmarkt.de\/en\/wp-json\/wp\/v2\/media\/11024"}],"wp:attachment":[{"href":"https:\/\/www.schwabingerweihnachtsmarkt.de\/en\/wp-json\/wp\/v2\/media?parent=10193"}],"wp:term":[{"taxonomy":"category","embeddable":true,"href":"https:\/\/www.schwabingerweihnachtsmarkt.de\/en\/wp-json\/wp\/v2\/categories?post=10193"},{"taxonomy":"post_tag","embeddable":true,"href":"https:\/\/www.schwabingerweihnachtsmarkt.de\/en\/wp-json\/wp\/v2\/tags?post=10193"}],"curies":[{"name":"wp","href":"https:\/\/api.w.org\/{rel}","templated":true}]}}